{"id":1075,"date":"2026-09-04T17:40:18","date_gmt":"2026-09-04T21:40:18","guid":{"rendered":"https:\/\/cineconradio.cl\/?p=1075"},"modified":"2026-09-04T17:45:17","modified_gmt":"2026-09-04T21:45:17","slug":"fundacion-cinecon-lanza-proyecto-audiovisual-para-descubrir-y-difundir-bandas-musicales-del-maule","status":"publish","type":"post","link":"https:\/\/cineconradio.cl\/index.php\/2026\/09\/04\/fundacion-cinecon-lanza-proyecto-audiovisual-para-descubrir-y-difundir-bandas-musicales-del-maule\/","title":{"rendered":"Fundaci\u00f3n Cinec\u00f3n lanza proyecto audiovisual para descubrir  y difundir  bandas musicales del Maule"},"content":{"rendered":"\t\t<div data-elementor-type=\"wp-post\" data-elementor-id=\"1075\" class=\"elementor elementor-1075\" data-elementor-post-type=\"post\">\n\t\t\t\t<div class=\"elementor-element elementor-element-3e299b36 e-flex e-con-boxed e-con e-parent\" data-id=\"3e299b36\" data-element_type=\"container\" data-e-type=\"container\">\n\t\t\t\t\t<div class=\"e-con-inner\">\n\t\t\t\t<div class=\"elementor-element elementor-element-51a34b1e elementor-widget elementor-widget-text-editor\" data-id=\"51a34b1e\" data-element_type=\"widget\" data-e-type=\"widget\" data-widget_type=\"text-editor.default\">\n\t\t\t\t<div class=\"elementor-widget-container\">\n\t\t\t\t\t\t\t\t\t<p><i><span style=\"font-weight: 400;\">El equipo de realizadores de la Fundaci\u00f3n Cinec\u00f3n est\u00e1 recorriendo diversas comunas de la regi\u00f3n para entrevistar a talentos locales, conect\u00e1ndolos con nuevas audiencias que buscan sonidos frescos y originales.<\/span><\/i><\/p><p><span style=\"font-weight: 400;\">Con el firme prop\u00f3sito de visibilizar la riqueza sonora del territorio, la <\/span><b>Fundaci\u00f3n Cinec\u00f3n<\/b><span style=\"font-weight: 400;\"> anunci\u00f3 el lanzamiento de un nuevo proyecto de difusi\u00f3n cultural enfocado en la escena musical maulina. La iniciativa busca descentralizar el acceso al arte y poner en vitrina el talento de creadores locales que muchas veces no cuentan con las plataformas necesarias para expandir su alcance.<\/span><\/p><p><span style=\"font-weight: 400;\">El coraz\u00f3n de este proyecto radica en el despliegue en terreno. El equipo audiovisual de la Fundaci\u00f3n Cinec\u00f3n viaja por diferentes ciudades y localidades del Maule para registrar \u00edntimas entrevistas y sesiones con diversas bandas de la regi\u00f3n. El material producido no solo rescatar\u00e1 la historia y los procesos creativos de los artistas, sino que tambi\u00e9n servir\u00e1 como puente para conectar sus propuestas con un p\u00fablico \u00e1vido de m\u00fasica nueva, fresca y aut\u00e9ntica.<\/span><\/p><p><span style=\"font-weight: 400;\">Las c\u00e1psulas y contenidos audiovisuales resultantes de este recorrido ser\u00e1n distribuidos a trav\u00e9s de plataformas digitales y redes sociales, permitiendo un acceso gratuito y universal a la comunidad. De esta manera, Fundaci\u00f3n Cinec\u00f3n reafirma su compromiso con el desarrollo cultural del Maule, fortaleciendo la identidad regional y apoyando de manera concreta a los y las trabajadoras de la m\u00fasica.<\/span><\/p><p><i><span style=\"font-weight: 400;\">Esta iniciativa es financiada por el Programa de Apoyo a Organizaciones Culturales Colaboradoras (PAOCC) del Ministerio de las Culturas, las Artes y el Patrimonio.<\/span><\/i><\/p>\t\t\t\t\t\t\t\t<\/div>\n\t\t\t\t<\/div>\n\t\t\t\t\t<\/div>\n\t\t\t\t<\/div>\n\t\t\t\t<\/div>\n\t\t","protected":false},"excerpt":{"rendered":"<p>El equipo de realizadores de la Fundaci\u00f3n Cinec\u00f3n est\u00e1 recorriendo diversas comunas de la regi\u00f3n para entrevistar a talentos locales, conect\u00e1ndolos con nuevas audiencias que buscan sonidos frescos y originales. Con el firme prop\u00f3sito de visibilizar la riqueza sonora del territorio, la Fundaci\u00f3n Cinec\u00f3n anunci\u00f3 el lanzamiento de un nuevo proyecto de difusi\u00f3n cultural enfocado [&hellip;]<\/p>\n","protected":false},"author":2,"featured_media":1079,"comment_status":"closed","ping_status":"closed","sticky":false,"template":"","format":"standard","meta":{"_eb_attr":"","footnotes":""},"categories":[7],"tags":[],"class_list":["post-1075","post","type-post","status-publish","format-standard","has-post-thumbnail","hentry","category-noticias"],"_links":{"self":[{"href":"https:\/\/cineconradio.cl\/index.php\/wp-json\/wp\/v2\/posts\/1075","targetHints":{"allow":["GET"]}}],"collection":[{"href":"https:\/\/cineconradio.cl\/index.php\/wp-json\/wp\/v2\/posts"}],"about":[{"href":"https:\/\/cineconradio.cl\/index.php\/wp-json\/wp\/v2\/types\/post"}],"author":[{"embeddable":true,"href":"https:\/\/cineconradio.cl\/index.php\/wp-json\/wp\/v2\/users\/2"}],"replies":[{"embeddable":true,"href":"https:\/\/cineconradio.cl\/index.php\/wp-json\/wp\/v2\/comments?post=1075"}],"version-history":[{"count":6,"href":"https:\/\/cineconradio.cl\/index.php\/wp-json\/wp\/v2\/posts\/1075\/revisions"}],"predecessor-version":[{"id":1082,"href":"https:\/\/cineconradio.cl\/index.php\/wp-json\/wp\/v2\/posts\/1075\/revisions\/1082"}],"wp:featuredmedia":[{"embeddable":true,"href":"https:\/\/cineconradio.cl\/index.php\/wp-json\/wp\/v2\/media\/1079"}],"wp:attachment":[{"href":"https:\/\/cineconradio.cl\/index.php\/wp-json\/wp\/v2\/media?parent=1075"}],"wp:term":[{"taxonomy":"category","embeddable":true,"href":"https:\/\/cineconradio.cl\/index.php\/wp-json\/wp\/v2\/categories?post=1075"},{"taxonomy":"post_tag","embeddable":true,"href":"https:\/\/cineconradio.cl\/index.php\/wp-json\/wp\/v2\/tags?post=1075"}],"curies":[{"name":"wp","href":"https:\/\/api.w.org\/{rel}","templated":true}]}}