{"id":988,"date":"2026-04-27T09:13:15","date_gmt":"2026-04-27T13:13:15","guid":{"rendered":"https:\/\/cineconradio.cl\/?p=988"},"modified":"2026-04-30T09:14:46","modified_gmt":"2026-04-30T13:14:46","slug":"el-pulso-del-cielo-cronicas-del-reloj-cosmico-urano-se-aloja-en-los-vientos-de-geminis","status":"publish","type":"post","link":"https:\/\/cineconradio.cl\/index.php\/2026\/04\/27\/el-pulso-del-cielo-cronicas-del-reloj-cosmico-urano-se-aloja-en-los-vientos-de-geminis\/","title":{"rendered":"El Pulso del Cielo; Cr\u00f3nicas del reloj c\u00f3smico. Urano se aloja en los vientos de G\u00e9minis."},"content":{"rendered":"<p><strong>Urano se aloja en los vientos de G\u00e9minis.<\/strong><\/p>\n<p><strong>Hay un instante sagrado en que lo infinito toca lo humano, con cada umbral que cruza, y al habitar este nuevo espacio, Urano desata una vibraci\u00f3n que demuele la inercia, arrancando del ma\u00f1ana verdades que a\u00fan no se han pensado. <\/strong><\/p>\n<p>Urano, el vasto suspiro del cosmos, el 26 de abril, <strong>sobre el aire se apoy\u00f3, encontrando en G\u00e9minis una frecuencia aliada. Desata un v\u00e9rtigo nuevo que obliga a la voz a encontrar corrientes que ignoraba. Con Urano instalado G\u00e9minis las ideas dejan de ser susurro para ser destino.<\/strong><\/p>\n<p><strong>Se desmoronan los altares de la costumbre y los antiguos muros\u00a0que asfixiaban, caen volvi\u00e9ndose movimiento. Una danza con fuerza invisible que transformar\u00e1 el entorno, despertando tambi\u00e9n nuestros ecos dormidos.<\/strong> S<strong>u descarga se filtra en el mapa de la mente. Abandonar lo lineal para recibir voltajes que reconfiguran, que redise\u00f1an nuestra percepci\u00f3n. Es un rayo que cae en la psique, ajustando el dial a una frecuencia in\u00e9dita que despierta e ilumina el paisaje oscuro. Qu\u00e9 veremos ahora que se disuelve la estela?<\/strong><\/p>\n<p><strong>\u00a0La verdad al desnudo, sin refugio de velos, sin importar cuan \u00e1spera o cruda resulte su forma; dotando de transparencia la trama que nos une. El pulso del presente nos obliga a sostener la mirada, es inevitable. Lo antiguo se desdibuja ante una claridad que no admite sombra. Los medios, tecnolog\u00eda, el aprendizaje rel\u00e1mpago, la intuici\u00f3n. Un original cableado de consciencia dictar\u00e1 un nuevo ritmo<\/strong> <strong>para<\/strong> dar lugar a nuevas formas de comprender y habitar el mundo.<\/p>\n<p>Ya nos acostumbraremos\u2026 Urano no abandonar\u00e1 G\u00e9minis hasta mayo del 2033 para cobijarse la intimidad de C\u00e1ncer.<\/p>\n<p>Daniela del Bosco.<\/p>\n<p>27 de abril 2026.<\/p>\n","protected":false},"excerpt":{"rendered":"<p>Urano se aloja en los vientos de G\u00e9minis. Hay un instante sagrado en que lo infinito toca lo humano, con cada umbral que cruza, y al habitar este nuevo espacio, Urano desata una vibraci\u00f3n que demuele la inercia, arrancando del ma\u00f1ana verdades que a\u00fan no se han pensado. Urano, el vasto suspiro del cosmos, el [&hellip;]<\/p>\n","protected":false},"author":2,"featured_media":990,"comment_status":"closed","ping_status":"closed","sticky":false,"template":"","format":"standard","meta":{"_eb_attr":"","footnotes":""},"categories":[7],"tags":[],"class_list":["post-988","post","type-post","status-publish","format-standard","has-post-thumbnail","hentry","category-noticias"],"_links":{"self":[{"href":"https:\/\/cineconradio.cl\/index.php\/wp-json\/wp\/v2\/posts\/988","targetHints":{"allow":["GET"]}}],"collection":[{"href":"https:\/\/cineconradio.cl\/index.php\/wp-json\/wp\/v2\/posts"}],"about":[{"href":"https:\/\/cineconradio.cl\/index.php\/wp-json\/wp\/v2\/types\/post"}],"author":[{"embeddable":true,"href":"https:\/\/cineconradio.cl\/index.php\/wp-json\/wp\/v2\/users\/2"}],"replies":[{"embeddable":true,"href":"https:\/\/cineconradio.cl\/index.php\/wp-json\/wp\/v2\/comments?post=988"}],"version-history":[{"count":3,"href":"https:\/\/cineconradio.cl\/index.php\/wp-json\/wp\/v2\/posts\/988\/revisions"}],"predecessor-version":[{"id":992,"href":"https:\/\/cineconradio.cl\/index.php\/wp-json\/wp\/v2\/posts\/988\/revisions\/992"}],"wp:featuredmedia":[{"embeddable":true,"href":"https:\/\/cineconradio.cl\/index.php\/wp-json\/wp\/v2\/media\/990"}],"wp:attachment":[{"href":"https:\/\/cineconradio.cl\/index.php\/wp-json\/wp\/v2\/media?parent=988"}],"wp:term":[{"taxonomy":"category","embeddable":true,"href":"https:\/\/cineconradio.cl\/index.php\/wp-json\/wp\/v2\/categories?post=988"},{"taxonomy":"post_tag","embeddable":true,"href":"https:\/\/cineconradio.cl\/index.php\/wp-json\/wp\/v2\/tags?post=988"}],"curies":[{"name":"wp","href":"https:\/\/api.w.org\/{rel}","templated":true}]}}