{"id":993,"date":"2026-04-30T09:20:16","date_gmt":"2026-04-30T13:20:16","guid":{"rendered":"https:\/\/cineconradio.cl\/?p=993"},"modified":"2026-04-30T09:21:21","modified_gmt":"2026-04-30T13:21:21","slug":"es-peligroso-para-chile-greenpeace-advierte-que-proyecto-de-reconstruccion-de-kast-debilita-severamente-la-proteccion-ambiental-del-pais","status":"publish","type":"post","link":"https:\/\/cineconradio.cl\/index.php\/2026\/04\/30\/es-peligroso-para-chile-greenpeace-advierte-que-proyecto-de-reconstruccion-de-kast-debilita-severamente-la-proteccion-ambiental-del-pais\/","title":{"rendered":"\u00abEs peligroso para Chile\u00bb: Greenpeace advierte que proyecto de \u00abreconstrucci\u00f3n\u00bb de Kast debilita severamente la protecci\u00f3n ambiental del pa\u00eds"},"content":{"rendered":"<p>Organizaci\u00f3n ambientalista se declar\u00f3 en estado de alerta ante la tramitaci\u00f3n de un proyecto que calificaron como \u00abpeligroso para el pa\u00eds\u00bb, pues \u00abcon la excusa de favorecer la inversi\u00f3n y corregir procesos, genera incluso m\u00e1s incertidumbre, limita derechos adquiridos y lo que es m\u00e1s grave, sacrifica el medioambiente y la salud de las personas\u00bb, alert\u00f3 el director de la ONG en Chile, Mat\u00edas Asun.<\/p>\n<p>La organizaci\u00f3n internacional Greenpeace expres\u00f3 su preocupaci\u00f3n por el proyecto de ley de \u00abreconstrucci\u00f3n\u00bb presentado por el gobierno de Kast, el cual -alertaron- debilita severamente la protecci\u00f3n ambiental del pa\u00eds, por lo que calificaron la iniciativa como \u00abregresiva\u00bb.<\/p>\n<p data-parapraph=\"1\">Mat\u00edas Asun, director de la ONG en Chile, plante\u00f3 que \u00abla conducci\u00f3n del Ejecutivo en materia ambiental genera profunda preocupaci\u00f3n. Ya en sus primeros d\u00edas dio se\u00f1ales inquietantes con la retrotracci\u00f3n de 43 decretos ambientales, de los cuales 38 siguen sin registrar avances a un mes de su retiro, pese a que la ministra Toledo ha reiterado que todos ser\u00edan reingresados a la brevedad\u00bb.<\/p>\n<p data-parapraph=\"2\">\u00abEsa misma l\u00ednea se profundiza ahora con la presentaci\u00f3n de una ley regresiva que impacta directamente en la naturaleza, ecosistemas y la biodiversidad\u00bb, agreg\u00f3 Asun.<\/p>\n<p data-parapraph=\"3\">Para Greenpeace, \u00abresulta especialmente grave que esta propuesta debilite y\/o elimine herramientas clave de protecci\u00f3n ambiental, limitando la capacidad de prevenir da\u00f1os, afectando la protecci\u00f3n de los ecosistemas y reduciendo derechos fundamentales como el acceso a la justicia ambiental y la participaci\u00f3n ciudadana\u00bb.<\/p>\n<p data-parapraph=\"4\">Desde la organizaci\u00f3n ambientalista recalcaron que \u00aben la pr\u00e1ctica, esto deja a las comunidades con menos herramientas para defender su entorno y compromete el uso responsable de los recursos p\u00fablicos\u00bb.<\/p>\n<h3 id=\"h-chao-guias-ambientales\" class=\"wp-block-heading\">\u00abChao gu\u00edas ambientales\u00bb<\/h3>\n<p data-parapraph=\"5\">\u00abPrimeramente, el proyecto debilita gravemente la evaluaci\u00f3n t\u00e9cnica\u00bb, cuestion\u00f3 Mat\u00edas Asun.<\/p>\n<p data-parapraph=\"6\">En la pr\u00e1ctica, a\u00f1adi\u00f3, esto permitir\u00eda aprobar proyectos y modificaciones sin una revisi\u00f3n adecuada de sus impactos, lo que podr\u00eda traducirse no solo en proyectos de menor calidad, sino tambi\u00e9n en permisos m\u00e1s deficientes y en un mayor riesgo para el medio ambiente y la salud humana.<\/p>\n<p data-parapraph=\"7\">\u00abSe instala, de facto, la promesa del \u2018chao gu\u00edas ambientales\u2019 que hiciera el candidato Kast, lo que podr\u00eda conllevar que criterios que antes eran evaluados por especialistas con trayectoria en salud p\u00fablica, glaciolog\u00eda, recursos h\u00eddricos, bosques u otras \u00e1reas, podr\u00edan ser omitidos\u00bb, sostuvo Asun.<\/p>\n<p data-parapraph=\"8\">Para el representante de Greenpeace en Chile, esto afecta el n\u00facleo de la legislaci\u00f3n ambiental, \u00abcuyo prop\u00f3sito es prevenir da\u00f1os muchas veces irreparables antes de que ocurran, y abre la puerta a m\u00e1s y peores emergencias ambientales\u00bb.<\/p>\n<p data-parapraph=\"9\">Otro aspecto que preocupa a la ONG internacional es que el proyecto de Kast \u00absacrifica los fiordos patag\u00f3nicos y la biodiversidad\u00bb, pues reduce \u00abexpl\u00edcitamente el monitoreo ambiental y, adem\u00e1s, permite relocalizar operaciones de empresas salmoneras que ya han deteriorado gravemente los fiordos de la Patagonia, entreg\u00e1ndoles nuevas ubicaciones\u00bb.<\/p>\n<p data-parapraph=\"10\">\u00abTodo ello podr\u00eda ocurrir sin evaluaci\u00f3n ambiental, mediante decisiones discrecionales de la autoridad de turno y sin participaci\u00f3n ciudadana. A esto se suma el retraso, por varios a\u00f1os y sin una justificaci\u00f3n razonable, de normativas destinadas a proteger el patrimonio ambiental y la biodiversidad del pa\u00eds\u00bb, a\u00f1adi\u00f3 Mat\u00edas Asun.<\/p>\n<p data-parapraph=\"11\">A lo anterior se suma que la iniciativa del gobierno debilita notablemente la capacidad de prevenir da\u00f1os ambientales, al quitarle herramientas a los Tribunales Ambientales para frenar proyectos cuando existe riesgo para el entorno.<\/p>\n<p data-parapraph=\"12\">\u00abEsto rompe el equilibrio entre proteger el medio ambiente y permitir el desarrollo, dejando a las comunidades m\u00e1s expuestas frente a da\u00f1os que pueden ser graves e irreversibles. Asimismo, se eliminan herramientas para impugnar una Resoluci\u00f3n de Calificaci\u00f3n Ambiental (RCA) y se dificulta el acceso a la justicia, al reducir los plazos para presentar acciones en un escenario donde ya existen importantes barreras t\u00e9cnicas y econ\u00f3micas\u00bb, alert\u00f3 el director de Greenpeace en Chile.<\/p>\n<p data-parapraph=\"13\">Finalmente, Asun explic\u00f3 que todas estas deficiencias del proyecto tambi\u00e9n podr\u00edan aumentar los costos para el Estado, es decir, para todos los chilenos: \u00abRecursos p\u00fablicos podr\u00edan destinarse a reembolsar proyectos evaluados bajo est\u00e1ndares m\u00e1s d\u00e9biles cuando se detecten problemas en su tramitaci\u00f3n, generando un incentivo dif\u00edcil de justificar, salvo para quienes podr\u00edan beneficiarse de malos proyectos\u00bb.<\/p>\n<p data-parapraph=\"14\">\u00abGreenpeace se declara en estado de alerta ante la tramitaci\u00f3n de un proyecto peligroso para el pa\u00eds, que, con la excusa de favorecer la inversi\u00f3n y corregir procesos, genera incluso m\u00e1s incertidumbre, limita derechos adquiridos y -lo que es m\u00e1s grave- sacrifica el medio ambiente y la salud de las personas\u00bb, concluy\u00f3 Mat\u00edas Asun.<\/p>\n<div class=\"wp-block-image\">\n<img fetchpriority=\"high\" decoding=\"async\" class=\"alignnone size-medium wp-image-994\" src=\"https:\/\/cineconradio.cl\/wp-content\/uploads\/2026\/04\/declaracion-212x300.webp\" alt=\"\" width=\"212\" height=\"300\" srcset=\"https:\/\/cineconradio.cl\/wp-content\/uploads\/2026\/04\/declaracion-212x300.webp 212w, https:\/\/cineconradio.cl\/wp-content\/uploads\/2026\/04\/declaracion-725x1024.webp 725w, https:\/\/cineconradio.cl\/wp-content\/uploads\/2026\/04\/declaracion-768x1085.webp 768w, https:\/\/cineconradio.cl\/wp-content\/uploads\/2026\/04\/declaracion-1087x1536.webp 1087w, https:\/\/cineconradio.cl\/wp-content\/uploads\/2026\/04\/declaracion.webp 1242w\" sizes=\"(max-width: 212px) 100vw, 212px\" \/><\/div>\n","protected":false},"excerpt":{"rendered":"<p>Organizaci\u00f3n ambientalista se declar\u00f3 en estado de alerta ante la tramitaci\u00f3n de un proyecto que calificaron como \u00abpeligroso para el pa\u00eds\u00bb, pues \u00abcon la excusa de favorecer la inversi\u00f3n y corregir procesos, genera incluso m\u00e1s incertidumbre, limita derechos adquiridos y lo que es m\u00e1s grave, sacrifica el medioambiente y la salud de las personas\u00bb, alert\u00f3 [&hellip;]<\/p>\n","protected":false},"author":2,"featured_media":995,"comment_status":"closed","ping_status":"closed","sticky":false,"template":"","format":"standard","meta":{"_eb_attr":"","footnotes":""},"categories":[7],"tags":[],"class_list":["post-993","post","type-post","status-publish","format-standard","has-post-thumbnail","hentry","category-noticias"],"_links":{"self":[{"href":"https:\/\/cineconradio.cl\/index.php\/wp-json\/wp\/v2\/posts\/993","targetHints":{"allow":["GET"]}}],"collection":[{"href":"https:\/\/cineconradio.cl\/index.php\/wp-json\/wp\/v2\/posts"}],"about":[{"href":"https:\/\/cineconradio.cl\/index.php\/wp-json\/wp\/v2\/types\/post"}],"author":[{"embeddable":true,"href":"https:\/\/cineconradio.cl\/index.php\/wp-json\/wp\/v2\/users\/2"}],"replies":[{"embeddable":true,"href":"https:\/\/cineconradio.cl\/index.php\/wp-json\/wp\/v2\/comments?post=993"}],"version-history":[{"count":2,"href":"https:\/\/cineconradio.cl\/index.php\/wp-json\/wp\/v2\/posts\/993\/revisions"}],"predecessor-version":[{"id":997,"href":"https:\/\/cineconradio.cl\/index.php\/wp-json\/wp\/v2\/posts\/993\/revisions\/997"}],"wp:featuredmedia":[{"embeddable":true,"href":"https:\/\/cineconradio.cl\/index.php\/wp-json\/wp\/v2\/media\/995"}],"wp:attachment":[{"href":"https:\/\/cineconradio.cl\/index.php\/wp-json\/wp\/v2\/media?parent=993"}],"wp:term":[{"taxonomy":"category","embeddable":true,"href":"https:\/\/cineconradio.cl\/index.php\/wp-json\/wp\/v2\/categories?post=993"},{"taxonomy":"post_tag","embeddable":true,"href":"https:\/\/cineconradio.cl\/index.php\/wp-json\/wp\/v2\/tags?post=993"}],"curies":[{"name":"wp","href":"https:\/\/api.w.org\/{rel}","templated":true}]}}